{"id":1669,"date":"2019-07-29T12:46:55","date_gmt":"2019-07-29T10:46:55","guid":{"rendered":"https:\/\/esz.dyncom.de\/?p=1669"},"modified":"2024-02-06T14:26:17","modified_gmt":"2024-02-06T13:26:17","slug":"esz-ag-als-oekoprofit-betrieb-ausgezeichnet","status":"publish","type":"post","link":"https:\/\/www.esz-ag.de\/en\/presse\/esz-ag-als-oekoprofit-betrieb-ausgezeichnet\/","title":{"rendered":"esz AG als \u00d6KOPROFIT-Betrieb ausgezeichnet"},"content":{"rendered":"<p>Der Kalibrierspezialist aus Eichenau wurde f\u00fcr seine Ma\u00dfnahmen zur Verbesserung des betrieblichen Umweltschutzes als \u00d6KOPROFIT-Betrieb ausgezeichnet. Im Rahmen einer Feierstunde nahmen esz-Vorstand Oliver Fleischmann und Qualit\u00e4tsmanager Christian Dinauer die Auszeichnung aus den H\u00e4nden von Augsburgs Landrat Martin Sailer und Oberb\u00fcrgermeister Kurt Gribl entgegen. Der Landkreise Augsburg und Aichach-Friedberg sind zusammen mit der Stadt Augsburg Tr\u00e4ger der Initiative.<\/p>\n<p>Seit 2018 entwickelte und implementierte die esz AG, zusammen mit externen Fachberatern in Workshops und Terminen vor Ort, zahlreiche betriebsspezifische Verbesserungen und Ans\u00e4tze zur Umweltentlastung, Kostenreduzierung und Rechtssicherheit. Die Gesamtbilanz der an dieser Runde angemeldeten Betriebe kann sich sehen lassen. So konnten die Teilnehmer rund 32.500 Euro Kosten in den Bereichen Energie, Abf\u00e4lle und Wasser einsparen. Besonders die Einsparung von Energie ist f\u00fcr esz sowie die anderen Unternehmen von gro\u00dfer Bedeutung und stellt einen entsprechend hohen Anteil an den Gesamteinsparungen dar. Durch die Reduzierung des Energieverbrauchs und der damit verbundenen Emissionsminderung sowie von der Verringerung der Abfallmengen profitiert zudem nicht nur jeder einzelne Betrieb, sondern auch die Umwelt in der Region.<\/p>\n<p><strong>Hintergrund<\/strong><\/p>\n<p>\u00d6KOPROFIT-Betriebe sind f\u00fcr ihr hohes Engagement beim betrieblichen Umweltschutz bekannt. Die Ma\u00dfnahmen \u00fcbertreffen in vielen Bereichen bei Weitem die gesetzlich vorgeschriebenen Mindestanforderungen. Um diesen \u00d6KOPROFIT-Standard zu wahren, muss sich jeder Betrieb, der eine \u00d6KOPROFIT-Auszeichnung anstrebt, zuvor einer Pr\u00fcfung nach deutschlandweit einheitlich festgelegten Kriterien unterziehen. Diese von der Stadt Graz (\u00d6sterreich) entwickelten und von der Stadt M\u00fcnchen an deutsche Verh\u00e4ltnisse angepassten Kriterien garantieren einen hohen Standard des betrieblichen Umweltschutzes.<\/p>\n","protected":false},"excerpt":{"rendered":"<p>Der Kalibrierspezialist aus Eichenau wurde f\u00fcr seine Ma\u00dfnahmen zur Verbesserung des betrieblichen Umweltschutzes als \u00d6KOPROFIT-Betrieb&#8230;<\/p>\n","protected":false},"author":3,"featured_media":52722,"comment_status":"closed","ping_status":"open","sticky":false,"template":"","format":"standard","meta":{"_acf_changed":false,"inline_featured_image":false,"footnotes":""},"categories":[1],"tags":[],"class_list":["post-1669","post","type-post","status-publish","format-standard","has-post-thumbnail","hentry","category-unkategorisiert"],"acf":[],"_links":{"self":[{"href":"https:\/\/www.esz-ag.de\/en\/wp-json\/wp\/v2\/posts\/1669","targetHints":{"allow":["GET"]}}],"collection":[{"href":"https:\/\/www.esz-ag.de\/en\/wp-json\/wp\/v2\/posts"}],"about":[{"href":"https:\/\/www.esz-ag.de\/en\/wp-json\/wp\/v2\/types\/post"}],"author":[{"embeddable":true,"href":"https:\/\/www.esz-ag.de\/en\/wp-json\/wp\/v2\/users\/3"}],"replies":[{"embeddable":true,"href":"https:\/\/www.esz-ag.de\/en\/wp-json\/wp\/v2\/comments?post=1669"}],"version-history":[{"count":0,"href":"https:\/\/www.esz-ag.de\/en\/wp-json\/wp\/v2\/posts\/1669\/revisions"}],"wp:featuredmedia":[{"embeddable":true,"href":"https:\/\/www.esz-ag.de\/en\/wp-json\/wp\/v2\/media\/52722"}],"wp:attachment":[{"href":"https:\/\/www.esz-ag.de\/en\/wp-json\/wp\/v2\/media?parent=1669"}],"wp:term":[{"taxonomy":"category","embeddable":true,"href":"https:\/\/www.esz-ag.de\/en\/wp-json\/wp\/v2\/categories?post=1669"},{"taxonomy":"post_tag","embeddable":true,"href":"https:\/\/www.esz-ag.de\/en\/wp-json\/wp\/v2\/tags?post=1669"}],"curies":[{"name":"wp","href":"https:\/\/api.w.org\/{rel}","templated":true}]}}