{"id":1667,"date":"2019-09-24T12:45:27","date_gmt":"2019-09-24T10:45:27","guid":{"rendered":"https:\/\/esz.dyncom.de\/?p=1667"},"modified":"2024-02-06T14:26:16","modified_gmt":"2024-02-06T13:26:16","slug":"munich-calibration-day-2020","status":"publish","type":"post","link":"https:\/\/www.esz-ag.de\/en\/presse\/munich-calibration-day-2020\/","title":{"rendered":"Munich Calibration Day 2020"},"content":{"rendered":"<p>Die esz AG veranstaltet Munich Calibration Day am 30. und 31. Januar 2020.<\/p>\n<p>Halbwissen ist gef\u00e4hrlich \u2013 das findet auch die esz AG calibration &amp; metrology aus Eichenau bei M\u00fcnchen. Und genau aus diesem Grund veranstaltet das Unternehmen den Munich Calibration Day \u2013 ein Grundlagenseminar rund um das Thema Kalibrierung.<\/p>\n<p>Im Fokus der Veranstaltung stehen die wichtigsten Grundlagen aus den Bereichen Durchflussmessung, der Kalibrierung von Schwingungs- und Schallmesstechnik sowie fundiertes Basiswissen f\u00fcr die Kraftkalibrierung. Grundlagen der Kalibrierung mit MET\/TEAM, wie auch die Messunsicherheiten-Bestimmung sind ebenfalls Bestandteil der Fortbildung. Ein weiterer wichtiger Programmpunkt ist das Thema \u201eAnforderungen der neuen DIN EN ISO 17025:2018\u201c.<\/p>\n<p>F\u00fcr Kalibriertechniker, Qualit\u00e4tsmanager und all diejenige, die f\u00fcr die Pr\u00fcfmittel eines Unternehmens verantwortlich sind, ist der Munich Calibration Day von gro\u00dfer Bedeutung. Denn gerade in diesem Berufsfeld gibt es nur wenig Angebote zur st\u00e4ndigen Weiter- und Fortbildung. Die Risiken fehlerhafter Messungen spielen in Zeiten hoher Regressanspr\u00fcche f\u00fcr Unternehmen im Falle einer mangelhaften und nicht l\u00fcckenlos dokumentierten, normkonformen Kalibrierung eine immense Rolle. Zus\u00e4tzliche Tricks von erfahrenen Spezialisten namhafter Unternehmen aus der Kalibrierbranche helfen den Teilnehmern, den komplexen Laboralltag zu erleichtern.<\/p>\n<p>Der Munich Calibration Day findet am 30. und 31. Januar 2020 im Steigenberger Hotel &amp; Conference Resort Munich in Unterschlei\u00dfheim statt. Nach den Fachvortr\u00e4gen am ersten Tag, bekommen die Teilnehmer am zweiten Tag einen exklusiven Einblick in das esz-Labor in Eichenau. Weitere Informationen sowie das Anmeldeformular finden Sie unter <a href=\"https:\/\/www.esz-ag.de\/unternehmen\/veranstualtungen\/calibrationday-2020.html\">www.esz-ag.de\/MCD<\/a>.<\/p>\n","protected":false},"excerpt":{"rendered":"<p>Die esz AG veranstaltet Munich Calibration Day am 30. und 31. Januar 2020. Halbwissen ist&#8230;<\/p>\n","protected":false},"author":3,"featured_media":52722,"comment_status":"closed","ping_status":"open","sticky":false,"template":"","format":"standard","meta":{"_acf_changed":false,"inline_featured_image":false,"footnotes":""},"categories":[1],"tags":[],"class_list":["post-1667","post","type-post","status-publish","format-standard","has-post-thumbnail","hentry","category-unkategorisiert"],"acf":[],"_links":{"self":[{"href":"https:\/\/www.esz-ag.de\/en\/wp-json\/wp\/v2\/posts\/1667","targetHints":{"allow":["GET"]}}],"collection":[{"href":"https:\/\/www.esz-ag.de\/en\/wp-json\/wp\/v2\/posts"}],"about":[{"href":"https:\/\/www.esz-ag.de\/en\/wp-json\/wp\/v2\/types\/post"}],"author":[{"embeddable":true,"href":"https:\/\/www.esz-ag.de\/en\/wp-json\/wp\/v2\/users\/3"}],"replies":[{"embeddable":true,"href":"https:\/\/www.esz-ag.de\/en\/wp-json\/wp\/v2\/comments?post=1667"}],"version-history":[{"count":0,"href":"https:\/\/www.esz-ag.de\/en\/wp-json\/wp\/v2\/posts\/1667\/revisions"}],"wp:featuredmedia":[{"embeddable":true,"href":"https:\/\/www.esz-ag.de\/en\/wp-json\/wp\/v2\/media\/52722"}],"wp:attachment":[{"href":"https:\/\/www.esz-ag.de\/en\/wp-json\/wp\/v2\/media?parent=1667"}],"wp:term":[{"taxonomy":"category","embeddable":true,"href":"https:\/\/www.esz-ag.de\/en\/wp-json\/wp\/v2\/categories?post=1667"},{"taxonomy":"post_tag","embeddable":true,"href":"https:\/\/www.esz-ag.de\/en\/wp-json\/wp\/v2\/tags?post=1667"}],"curies":[{"name":"wp","href":"https:\/\/api.w.org\/{rel}","templated":true}]}}