{"id":1665,"date":"2019-09-26T12:41:35","date_gmt":"2019-09-26T10:41:35","guid":{"rendered":"https:\/\/esz.dyncom.de\/?p=1665"},"modified":"2024-02-06T14:26:15","modified_gmt":"2024-02-06T13:26:15","slug":"gipfeltreffen-esz-feiert-75-geburtstag-ihres-firmengruenders","status":"publish","type":"post","link":"https:\/\/www.esz-ag.de\/en\/presse\/gipfeltreffen-esz-feiert-75-geburtstag-ihres-firmengruenders\/","title":{"rendered":"Gipfeltreffen &#8211; esz feiert 75. Geburtstag ihres Firmengr\u00fcnders"},"content":{"rendered":"<p>Der Berg ruft! Die esz AG feierte den 75. Geburtstag ihres Firmengr\u00fcnders und Aufsichtsratsvorsitzenden Siegfried Fleischmann mit einem alpinen Firmenfest in Eichenau.<\/p>\n<p>Bei der esz AG wei\u00df man, wie man feiert: ausgelassen, z\u00fcnftig und vor allem mit der bayerischen Lebensart. Anl\u00e4sslich des Geburtstags des Firmengr\u00fcnders Siegfried Fleischmann lud der Kalibrierspezialist seine Mitarbeiter und deren Familien sowie Freunde und Gesch\u00e4ftspartner zu einem \u201eGipfeltreffen\u201c am Firmenhauptsitz in Eichenau ein. Eigens f\u00fcr das Fest wurde eine traditionelle Almh\u00fctte neben dem Firmengel\u00e4nde aufgebaut, die f\u00fcr alpenl\u00e4ndisches Flair und z\u00fcnftige Stimmung sorgte. Rund 250 G\u00e4ste waren der Einladung am 18. September 2019 gefolgt.<\/p>\n<p>Den Anfang machten die Vorstandmitglieder der esz AG. Philip M. Fleischmann, Oliver T. Fleischmann und Bodo Seewald begr\u00fc\u00dften die Teilnehmer auf der Terrasse der rustikalen Almh\u00fctte. \u201eWir alle sind stolz ein Teil der esz-Familie zu sein und wissen, was wir unserem Jubilar und seiner Frau Gudrun zu verdanken haben\u201c, erkl\u00e4rte Philip M. Fleischmann in seiner Laudatio zu Beginn des Gipfeltreffens. \u201eDank ihres unerm\u00fcdlichen Einsatzes, ihrer Leidenschaft und dem Willen, auch in schwierigen Zeiten nicht aufzugeben, stehen wir heute alle hier und feiern diesen besonderen Tag mit ihnen.\u201c<\/p>\n<p>Hintergrund: Die esz AG hat sich seit Firmengr\u00fcndung 1976 vom Kleinstbetrieb zu einem der f\u00fchrenden Kalibrierlabore Europas entwickelt. Das ist noch heute in Familienbesitz und besch\u00e4ftigt rund 150 Mitarbeiter. Neben der Firmenzentrale ist die esz AG an den Standorten N\u00fcrnberg, Mannheim, Steinfurt, Berlin, Wien und Budapest vertreten.<\/p>\n<p>Kulinarisch konnten die G\u00e4ste aus dem Vollem sch\u00f6pfen. Nachmittags lockten Torten, Kuchen und Geb\u00e4ck, dazu einen Kaffee, der nicht aus der Kanne kam, sondern frisch gebr\u00fcht von einer original italienischen Kaffee-Ape \u2013 ein kleines bisschen La Dolce Vita in Eichenau. Anschlie\u00dfend hie\u00df es dann: \u201eHier grillt der Chef pers\u00f6nlich!\u201c Die drei esz-Vorst\u00e4nde zogen sich Grillsch\u00fcrzen an und machten sich hinter den Grillstationen an die Arbeit. Ihr Ergebnis: extravagante Alm-Burger-Deluxe.<\/p>\n<p>Doch nicht nur Alm-Burger begeisterten die Besucher, sondern auch, dass sich die Vorst\u00e4nde pers\u00f6nlich um deren Zubereitung k\u00fcmmerten. So betonten viele G\u00e4ste, \u201ees sei eine tolle Geste und absolut au\u00dfergew\u00f6hnlich in der heutigen Arbeitswelt, dass ein Chef seinem Mitarbeiter Essen zubereitet. Dies zeigt deutlich, wie famili\u00e4r man bei esz miteinander umgeht und dass das menschliche Miteinander nicht zu kurz kommt.\u201c<\/p>\n<p>Auch f\u00fcr die kleinen G\u00e4ste war einiges geboten. Die Kids tobten sich entweder an der gro\u00dfen M\u00e4rchenwald-H\u00fcpfburg aus oder lie\u00dfen sich beim Kinderschminken farbenfrohe Masken auf ihre Gesichter zaubern. Dazu gab es jede Menge kleine Naschereien an der Candy-Bar und st\u00e4ndig frisch gemachtes Popcorn aus einer Popcornmaschine.<\/p>\n","protected":false},"excerpt":{"rendered":"<p>Der Berg ruft! Die esz AG feierte den 75. Geburtstag ihres Firmengr\u00fcnders und Aufsichtsratsvorsitzenden Siegfried&#8230;<\/p>\n","protected":false},"author":3,"featured_media":52722,"comment_status":"closed","ping_status":"open","sticky":false,"template":"","format":"standard","meta":{"_acf_changed":false,"inline_featured_image":false,"footnotes":""},"categories":[1],"tags":[],"class_list":["post-1665","post","type-post","status-publish","format-standard","has-post-thumbnail","hentry","category-unkategorisiert"],"acf":[],"_links":{"self":[{"href":"https:\/\/www.esz-ag.de\/en\/wp-json\/wp\/v2\/posts\/1665","targetHints":{"allow":["GET"]}}],"collection":[{"href":"https:\/\/www.esz-ag.de\/en\/wp-json\/wp\/v2\/posts"}],"about":[{"href":"https:\/\/www.esz-ag.de\/en\/wp-json\/wp\/v2\/types\/post"}],"author":[{"embeddable":true,"href":"https:\/\/www.esz-ag.de\/en\/wp-json\/wp\/v2\/users\/3"}],"replies":[{"embeddable":true,"href":"https:\/\/www.esz-ag.de\/en\/wp-json\/wp\/v2\/comments?post=1665"}],"version-history":[{"count":0,"href":"https:\/\/www.esz-ag.de\/en\/wp-json\/wp\/v2\/posts\/1665\/revisions"}],"wp:featuredmedia":[{"embeddable":true,"href":"https:\/\/www.esz-ag.de\/en\/wp-json\/wp\/v2\/media\/52722"}],"wp:attachment":[{"href":"https:\/\/www.esz-ag.de\/en\/wp-json\/wp\/v2\/media?parent=1665"}],"wp:term":[{"taxonomy":"category","embeddable":true,"href":"https:\/\/www.esz-ag.de\/en\/wp-json\/wp\/v2\/categories?post=1665"},{"taxonomy":"post_tag","embeddable":true,"href":"https:\/\/www.esz-ag.de\/en\/wp-json\/wp\/v2\/tags?post=1665"}],"curies":[{"name":"wp","href":"https:\/\/api.w.org\/{rel}","templated":true}]}}