{"id":1652,"date":"2020-06-29T10:59:45","date_gmt":"2020-06-29T08:59:45","guid":{"rendered":"https:\/\/esz.dyncom.de\/?p=1652"},"modified":"2024-02-06T14:26:10","modified_gmt":"2024-02-06T13:26:10","slug":"esz-ag-erhaelt-akkreditierung-fuer-klimaschraenke","status":"publish","type":"post","link":"https:\/\/www.esz-ag.de\/en\/presse\/esz-ag-erhaelt-akkreditierung-fuer-klimaschraenke\/","title":{"rendered":"esz AG erh\u00e4lt Akkreditierung f\u00fcr Klimaschr\u00e4nke"},"content":{"rendered":"<p>Die esz AG calibration &amp; metrology ist jetzt f\u00fcr die Kalibrierung von Klimaschr\u00e4nken f\u00fcr die Messgr\u00f6\u00dfen Temperatur und Feuchte akkreditiert. Der Bescheid umfasst Kalibrierung in den esz-Laboren und auch bei Kunden vor Ort.<\/p>\n<p>Im M\u00e4rz 2020 hatte die DAkkS (Deutsche Akkreditierungsstelle GmbH) das Akkreditierungsverfahren f\u00fcr die esz AG zur Umstellung auf die neue Labornorm DIN EN ISO\/ IEC 17025:2018 abgeschlossen und beurkundet. Die Akkreditierung beinhaltete auch \u00c4nderungen im High-End-Bereich, zum Einsatz des Josephson-Quantenkalibrators, sowie f\u00fcr Gleich- und Wechselstromst\u00e4rke und Widerstand. Daneben wurden zahlreiche \u00c4nderungen und Widerspr\u00fcche, die sich aus dem Re-Akkreditierungsverfahren 2017 ergeben hatten, gel\u00f6st und korrigiert.<\/p>\n<p>Jetzt ist die esz AG calibration &amp; metrology auch f\u00fcr die Kalibrierung von Klimaschr\u00e4nken akkreditiert.<\/p>\n<p>Drei Jahre dauerte es, bis die esz AG den Bescheid der DAkkS erhielt. Bis es soweit war, mussten zahlreiche Verhandlungen, Vermittlungen, Vergleichsmessungen und b\u00fcrokratische H\u00fcrden genommen werden. \u201eWir freuen wir uns, dass Herr Rosner und sein Thermometrie-Team konsequent am Ball geblieben sind und mit Kompetenz und Sachverstand \u00fcberzeugt haben\u201c, sagt esz-Vorstand Philip M. Fleischmann.<\/p>\n<p>Die neue DAkkS-Urkunde und Anlage (Leistungsverzeichnis) finden Sie auf der esz-Website unter <a href=\"http:\/\/www.esz-ag.de\/kalibrierung\/dkd-labor.html\">www.esz-ag.de\/kalibrierung\/dkd-labor.html<\/a>.<\/p>\n","protected":false},"excerpt":{"rendered":"<p>Die esz AG calibration &amp; metrology ist jetzt f\u00fcr die Kalibrierung von Klimaschr\u00e4nken f\u00fcr die&#8230;<\/p>\n","protected":false},"author":3,"featured_media":52722,"comment_status":"closed","ping_status":"open","sticky":false,"template":"","format":"standard","meta":{"_acf_changed":false,"inline_featured_image":false,"footnotes":""},"categories":[1],"tags":[],"class_list":["post-1652","post","type-post","status-publish","format-standard","has-post-thumbnail","hentry","category-unkategorisiert"],"acf":[],"_links":{"self":[{"href":"https:\/\/www.esz-ag.de\/en\/wp-json\/wp\/v2\/posts\/1652","targetHints":{"allow":["GET"]}}],"collection":[{"href":"https:\/\/www.esz-ag.de\/en\/wp-json\/wp\/v2\/posts"}],"about":[{"href":"https:\/\/www.esz-ag.de\/en\/wp-json\/wp\/v2\/types\/post"}],"author":[{"embeddable":true,"href":"https:\/\/www.esz-ag.de\/en\/wp-json\/wp\/v2\/users\/3"}],"replies":[{"embeddable":true,"href":"https:\/\/www.esz-ag.de\/en\/wp-json\/wp\/v2\/comments?post=1652"}],"version-history":[{"count":0,"href":"https:\/\/www.esz-ag.de\/en\/wp-json\/wp\/v2\/posts\/1652\/revisions"}],"wp:featuredmedia":[{"embeddable":true,"href":"https:\/\/www.esz-ag.de\/en\/wp-json\/wp\/v2\/media\/52722"}],"wp:attachment":[{"href":"https:\/\/www.esz-ag.de\/en\/wp-json\/wp\/v2\/media?parent=1652"}],"wp:term":[{"taxonomy":"category","embeddable":true,"href":"https:\/\/www.esz-ag.de\/en\/wp-json\/wp\/v2\/categories?post=1652"},{"taxonomy":"post_tag","embeddable":true,"href":"https:\/\/www.esz-ag.de\/en\/wp-json\/wp\/v2\/tags?post=1652"}],"curies":[{"name":"wp","href":"https:\/\/api.w.org\/{rel}","templated":true}]}}