{"id":1634,"date":"2022-09-19T10:45:33","date_gmt":"2022-09-19T08:45:33","guid":{"rendered":"https:\/\/esz.dyncom.de\/?p=1634"},"modified":"2024-02-06T14:25:57","modified_gmt":"2024-02-06T13:25:57","slug":"e-bikes-informationstag-bei-esz","status":"publish","type":"post","link":"https:\/\/www.esz-ag.de\/en\/presse\/e-bikes-informationstag-bei-esz\/","title":{"rendered":"e-Bikes Informationstag bei esz"},"content":{"rendered":"<p>Die esz AG f\u00f6rdert die e-Bike-Mobilit\u00e4t ihrer Mitarbeiter(innen). Um Interessenten die M\u00f6glichkeit zu geben, sich \u00fcber die unterschiedlichen R\u00e4der und Ausstattungsvarianten zu informieren, fand am 30. Juli ein Probefahrt-Tag statt. \u00dcber 10 e-Bikes aller Art konnten einen ganzen Tag gestestet und Probe gefahren werden. Es standen hierzu e-Mountainbikes von Specialized, e-Citybikes von Winora und Riese&amp;M\u00fcller, Kompakt e-Bikes f\u00fcr die Mitnahme im Zug von Raymon oder e-Gravelbikes von Cannondale bereit.<\/p>\n<p>Die Resonanz auf das Angebot war gro\u00df. 23 Mitarbeiter(innen) nutzen die Gelegenheit, sich pers\u00f6nlich \u00fcber das Angebot der esz AG zu informieren. Acht weitere Personen nahmen im Anschluss direkt mit dem H\u00e4ndler Kontakt auf.<\/p>\n<p>Initiiert und organisiert wurde der Probefahrt-Tag und auch e-Bike-Angebot vom Umweltteam der esz AG.<\/p>\n","protected":false},"excerpt":{"rendered":"<p>Die esz AG f\u00f6rdert die e-Bike-Mobilit\u00e4t ihrer Mitarbeiter(innen). Um Interessenten die M\u00f6glichkeit zu geben, sich&#8230;<\/p>\n","protected":false},"author":3,"featured_media":52722,"comment_status":"closed","ping_status":"open","sticky":false,"template":"","format":"standard","meta":{"_acf_changed":false,"inline_featured_image":false,"footnotes":""},"categories":[1],"tags":[],"class_list":["post-1634","post","type-post","status-publish","format-standard","has-post-thumbnail","hentry","category-unkategorisiert"],"acf":[],"_links":{"self":[{"href":"https:\/\/www.esz-ag.de\/en\/wp-json\/wp\/v2\/posts\/1634","targetHints":{"allow":["GET"]}}],"collection":[{"href":"https:\/\/www.esz-ag.de\/en\/wp-json\/wp\/v2\/posts"}],"about":[{"href":"https:\/\/www.esz-ag.de\/en\/wp-json\/wp\/v2\/types\/post"}],"author":[{"embeddable":true,"href":"https:\/\/www.esz-ag.de\/en\/wp-json\/wp\/v2\/users\/3"}],"replies":[{"embeddable":true,"href":"https:\/\/www.esz-ag.de\/en\/wp-json\/wp\/v2\/comments?post=1634"}],"version-history":[{"count":0,"href":"https:\/\/www.esz-ag.de\/en\/wp-json\/wp\/v2\/posts\/1634\/revisions"}],"wp:featuredmedia":[{"embeddable":true,"href":"https:\/\/www.esz-ag.de\/en\/wp-json\/wp\/v2\/media\/52722"}],"wp:attachment":[{"href":"https:\/\/www.esz-ag.de\/en\/wp-json\/wp\/v2\/media?parent=1634"}],"wp:term":[{"taxonomy":"category","embeddable":true,"href":"https:\/\/www.esz-ag.de\/en\/wp-json\/wp\/v2\/categories?post=1634"},{"taxonomy":"post_tag","embeddable":true,"href":"https:\/\/www.esz-ag.de\/en\/wp-json\/wp\/v2\/tags?post=1634"}],"curies":[{"name":"wp","href":"https:\/\/api.w.org\/{rel}","templated":true}]}}