{"id":1625,"date":"2022-09-19T10:33:54","date_gmt":"2022-09-19T08:33:54","guid":{"rendered":"https:\/\/esz.dyncom.de\/?p=1625"},"modified":"2024-02-06T14:25:58","modified_gmt":"2024-02-06T13:25:58","slug":"aktionswoche-esz-bewegt-sich-2-0","status":"publish","type":"post","link":"https:\/\/www.esz-ag.de\/en\/presse\/aktionswoche-esz-bewegt-sich-2-0\/","title":{"rendered":"Aktionswoche &#8220;esz bewegt sich 2.0&#8221;"},"content":{"rendered":"<p>Unsere Aktionswoche \u201eesz bewegt sich 2.0\u201c war wieder ein gro\u00dfer Erfolg. Dieses Jahr hat sich sogar der durchschnittliche Spendenbetrag pro Mitarbeiter deutlich erh\u00f6ht. Insgesamt kam bei der Aktion ein Betrag von 1.657,50 \u20ac zusammen. An dieser Stelle ein herzliches Dankesch\u00f6n an alle Teilnehmer. Damit daraus eine runde Summe wird, hat die Gesch\u00e4ftsf\u00fchrung den Spendenbetrag auf 2.000 \u20ac aufgerundet!<\/p>\n<p>Wir unterst\u00fctzen mit dem Geld wieder eine lokale Organisation und spenden die gesamte Summe an den Kranken- und Altenpflegeverein Eichenau e.V. Der Verein zur F\u00f6rderung von Kranken- &amp; offener Seniorenarbeit e.V. (KAV) unterst\u00fctzt die ambulante Pflege und die Seniorenbegegnungsst\u00e4tte in Eichenau. F\u00fcr das Caritas Zentrum F\u00fcrstenfeldbruck arbeitet der KAV als F\u00f6rderverein in Eichenau.<\/p>\n<p>Hier haben wir zur \u00dcbersicht die wichtigsten Daten zusammengefasst:<\/p>\n<p>Teilnehmer: 32<br \/>\nSpendensumme: 1.657,50 \u20ac<br \/>\nHauptsportarten: 1. Joggen \u2013 2. Fahrrad \u2013 3. Fitness-Workouts<br \/>\nFrauen: 8<br \/>\nM\u00e4nner: 24<br \/>\nKilometer Fahrrad: 229 km Kilometer Laufen: 176 km Workouts: 6 Stunden<\/p>\n<p>Besonders gefreut haben wir uns \u00fcber die positiven Kommentare der Teilnehmer, die ganz klar zeigen, dass wir im kommenden Jahr die Aktionswoche \u201eesz bewegt sich 3.0\u201c starten werden:<\/p>\n<p>\u201e\u2026.auch bei mir muss der Speck weg hier der Beweis f\u00fcr den guten Vorsatz<\/p>\n<p>\u2026.ich habe den freien Tag heute genutzt und bin joggen gegangen. Hier kommt meine Ode an die Bewegung\u2026\u2026. Als die Sonne hinter den Wolken hervor kam, habe ich es nicht mehr erwarten k\u00f6nnen und mich fertiggemacht. Als Belohnung gab es pudrigen Schnee, der unter den Schuhen knirscht, ein wenig Kontakt zu Tier und Mensch \u2013 ich habe Rehe im Feld nebenan entdeckt \u2013 und vor allem Ruhe und Zeit f\u00fcr mich. An dieser Stelle vielen Dank an die Firma im allgemeinen, zeitliche Flexibilit\u00e4t erleichtert Vereinbarkeit von Familie und Beruf und erm\u00f6glicht, das Beste aus der derzeitigen Situation zu machen.<\/p>\n<p>\u2026Vielen Dank f\u00fcr Euer Engagement \u2013 tolle Aktion. Ich freue mich aufs n\u00e4chste Mal!!<\/p>\n<p>\u2026.Vielen Dank f\u00fcr die Organisation der Aktion!<\/p>\n<p>\u2026.Danke von meiner kleinen Lauftruppe, da der Spendenlauf wieder ein paar motiviert hat anzufangen.\u201c<\/p>\n","protected":false},"excerpt":{"rendered":"<p>Unsere Aktionswoche \u201eesz bewegt sich 2.0\u201c war wieder ein gro\u00dfer Erfolg. Dieses Jahr hat sich&#8230;<\/p>\n","protected":false},"author":3,"featured_media":52722,"comment_status":"closed","ping_status":"open","sticky":false,"template":"","format":"standard","meta":{"_acf_changed":false,"inline_featured_image":false,"footnotes":""},"categories":[1],"tags":[],"class_list":["post-1625","post","type-post","status-publish","format-standard","has-post-thumbnail","hentry","category-unkategorisiert"],"acf":[],"_links":{"self":[{"href":"https:\/\/www.esz-ag.de\/en\/wp-json\/wp\/v2\/posts\/1625","targetHints":{"allow":["GET"]}}],"collection":[{"href":"https:\/\/www.esz-ag.de\/en\/wp-json\/wp\/v2\/posts"}],"about":[{"href":"https:\/\/www.esz-ag.de\/en\/wp-json\/wp\/v2\/types\/post"}],"author":[{"embeddable":true,"href":"https:\/\/www.esz-ag.de\/en\/wp-json\/wp\/v2\/users\/3"}],"replies":[{"embeddable":true,"href":"https:\/\/www.esz-ag.de\/en\/wp-json\/wp\/v2\/comments?post=1625"}],"version-history":[{"count":0,"href":"https:\/\/www.esz-ag.de\/en\/wp-json\/wp\/v2\/posts\/1625\/revisions"}],"wp:featuredmedia":[{"embeddable":true,"href":"https:\/\/www.esz-ag.de\/en\/wp-json\/wp\/v2\/media\/52722"}],"wp:attachment":[{"href":"https:\/\/www.esz-ag.de\/en\/wp-json\/wp\/v2\/media?parent=1625"}],"wp:term":[{"taxonomy":"category","embeddable":true,"href":"https:\/\/www.esz-ag.de\/en\/wp-json\/wp\/v2\/categories?post=1625"},{"taxonomy":"post_tag","embeddable":true,"href":"https:\/\/www.esz-ag.de\/en\/wp-json\/wp\/v2\/tags?post=1625"}],"curies":[{"name":"wp","href":"https:\/\/api.w.org\/{rel}","templated":true}]}}